{"id":35041,"date":"2013-08-24T23:31:52","date_gmt":"2013-08-24T21:31:52","guid":{"rendered":"http:\/\/www.jensunmack.dk\/wordpress-3\/?p=35041"},"modified":"2013-08-24T23:47:47","modified_gmt":"2013-08-24T21:47:47","slug":"arets-kent-koncert-er-i-aften","status":"publish","type":"post","link":"http:\/\/www.jensunmack.dk\/wordpress-3\/arets-kent-koncert-er-i-aften\/","title":{"rendered":"\u00c5rets Kent-koncert er i aften"},"content":{"rendered":"<p>I Johanneshov i Stockholm i aften indvies den nye store Tele 2 Arena officelt med en tretrinsraket af en koncert med Robyn, Lars Winnerb\u00e4ck og s\u00e5 headlinerne fra Kent, sidstn\u00e6vnte med deres eneste show i \u00e5r, foran en formodentlig udsolgt kapacitet p\u00e5 40.000. Vi har setlisten her p\u00e5 siden i morgen, bare s\u00e5 vi ved hvad vi gik glip af&#8230;<\/p>\n<p><iframe width=\"560\" height=\"315\" src=\"\/\/www.youtube.com\/embed\/VB12iCO8MkU\" frameborder=\"0\" allowfullscreen><\/iframe><\/p>\n<div class=\"fcbkbttn_buttons_block\" id=\"fcbkbttn_middle\"><div class=\"fcbkbttn_like \"><fb:like href=\"http:\/\/www.jensunmack.dk\/wordpress-3\/arets-kent-koncert-er-i-aften\/\" action=\"like\" colorscheme=\"dark\" layout=\"standard\"  width=\"225px\" size=\"small\"><\/fb:like><\/div><div class=\"fb-share-button  \" data-href=\"http:\/\/www.jensunmack.dk\/wordpress-3\/arets-kent-koncert-er-i-aften\/\" data-type=\"button_count\" data-size=\"small\"><\/div><\/div>","protected":false},"excerpt":{"rendered":"<p>I Johanneshov i Stockholm i aften indvies den nye store Tele 2 Arena officelt med en tretrinsraket af en koncert med Robyn, Lars Winnerb\u00e4ck og s\u00e5 headlinerne fra Kent, sidstn\u00e6vnte med deres eneste show i \u00e5r, foran en formodentlig udsolgt kapacitet p\u00e5 40.000. Vi har setlisten her p\u00e5 siden i morgen, bare s\u00e5 vi ved &hellip; <a href=\"http:\/\/www.jensunmack.dk\/wordpress-3\/arets-kent-koncert-er-i-aften\/\" class=\"more-link\">L\u00e6s videre <span class=\"screen-reader-text\">\u00c5rets Kent-koncert er i aften<\/span> <span class=\"meta-nav\">&rarr;<\/span><\/a><\/p>\n<div class=\"fcbkbttn_buttons_block\" id=\"fcbkbttn_middle\"><div class=\"fcbkbttn_like \"><fb:like href=\"http:\/\/www.jensunmack.dk\/wordpress-3\/arets-kent-koncert-er-i-aften\/\" action=\"like\" colorscheme=\"dark\" layout=\"standard\"  width=\"225px\" size=\"small\"><\/fb:like><\/div><div class=\"fb-share-button  \" data-href=\"http:\/\/www.jensunmack.dk\/wordpress-3\/arets-kent-koncert-er-i-aften\/\" data-type=\"button_count\" data-size=\"small\"><\/div><\/div>","protected":false},"author":283,"featured_media":0,"comment_status":"open","ping_status":"open","sticky":false,"template":"","format":"standard","meta":{"footnotes":""},"categories":[5,20],"tags":[],"class_list":["post-35041","post","type-post","status-publish","format-standard","hentry","category-blog","category-rocknroll"],"_links":{"self":[{"href":"http:\/\/www.jensunmack.dk\/wordpress-3\/wp-json\/wp\/v2\/posts\/35041","targetHints":{"allow":["GET"]}}],"collection":[{"href":"http:\/\/www.jensunmack.dk\/wordpress-3\/wp-json\/wp\/v2\/posts"}],"about":[{"href":"http:\/\/www.jensunmack.dk\/wordpress-3\/wp-json\/wp\/v2\/types\/post"}],"author":[{"embeddable":true,"href":"http:\/\/www.jensunmack.dk\/wordpress-3\/wp-json\/wp\/v2\/users\/283"}],"replies":[{"embeddable":true,"href":"http:\/\/www.jensunmack.dk\/wordpress-3\/wp-json\/wp\/v2\/comments?post=35041"}],"version-history":[{"count":0,"href":"http:\/\/www.jensunmack.dk\/wordpress-3\/wp-json\/wp\/v2\/posts\/35041\/revisions"}],"wp:attachment":[{"href":"http:\/\/www.jensunmack.dk\/wordpress-3\/wp-json\/wp\/v2\/media?parent=35041"}],"wp:term":[{"taxonomy":"category","embeddable":true,"href":"http:\/\/www.jensunmack.dk\/wordpress-3\/wp-json\/wp\/v2\/categories?post=35041"},{"taxonomy":"post_tag","embeddable":true,"href":"http:\/\/www.jensunmack.dk\/wordpress-3\/wp-json\/wp\/v2\/tags?post=35041"}],"curies":[{"name":"wp","href":"https:\/\/api.w.org\/{rel}","templated":true}]}}