{"id":39524,"date":"2014-04-29T10:50:19","date_gmt":"2014-04-29T08:50:19","guid":{"rendered":"http:\/\/www.jensunmack.dk\/wordpress-3\/?p=39524"},"modified":"2014-04-29T13:17:26","modified_gmt":"2014-04-29T11:17:26","slug":"television-opfoerer-marquee-moon-i-koebenhavn","status":"publish","type":"post","link":"http:\/\/www.jensunmack.dk\/wordpress-3\/television-opfoerer-marquee-moon-i-koebenhavn\/","title":{"rendered":"Television opf\u00f8rer Marquee Moon i K\u00f8benhavn"},"content":{"rendered":"<p><a href=\"http:\/\/www.jensunmack.dk\/wordpress-3\/television-opfoerer-marquee-moon-i-koebenhavn\/marqueemoon\/\" rel=\"attachment wp-att-39525\"><img decoding=\"async\" class=\"alignn-full wp-image-39525\" alt=\"marqueemoon\" src=\"http:\/\/www.jensunmack.dk\/wordpress-3\/wp-content\/uploads\/2014\/04\/marqueemoon.jpg\" width=\"300\" height=\"350\" \/><\/a><\/p>\n<p>Television spillede i K\u00f8benhavn, p\u00e5 Daddy&#8217;s Dance Hall, 15. juli 1977. Dengang havde deres s\u00e5 nyskabende ekspressive debutalbum og ubestridte hovedv\u00e6rk <em>Marquee Moon<\/em> kun fem m\u00e5neder p\u00e5 bagen. Til sommer bliver der mulighed for at h\u00f8re Tom Verlaine og co. opf\u00f8re det vitalt langtidsholdbare, tidsdefinerende og musikalsk gr\u00e6nsespr\u00e6ngende guitaralbum i sin helhed, n\u00e5r Television den 29. juli g\u00e6ster Pumpehuset. Billetter er netop sat til salg p\u00e5 Billetlugen.<\/p>\n<p><iframe src=\"\/\/www.youtube.com\/embed\/4f3d5ZdE4vY?rel=0\" height=\"420\" width=\"560\" allowfullscreen=\"\" frameborder=\"0\"><\/iframe><\/p>\n<div class=\"fcbkbttn_buttons_block\" id=\"fcbkbttn_middle\"><div class=\"fcbkbttn_like \"><fb:like href=\"http:\/\/www.jensunmack.dk\/wordpress-3\/television-opfoerer-marquee-moon-i-koebenhavn\/\" action=\"like\" colorscheme=\"dark\" layout=\"standard\"  width=\"225px\" size=\"small\"><\/fb:like><\/div><div class=\"fb-share-button  \" data-href=\"http:\/\/www.jensunmack.dk\/wordpress-3\/television-opfoerer-marquee-moon-i-koebenhavn\/\" data-type=\"button_count\" data-size=\"small\"><\/div><\/div>","protected":false},"excerpt":{"rendered":"<p>Television spillede i K\u00f8benhavn, p\u00e5 Daddy&#8217;s Dance Hall, 15. juli 1977. Dengang havde deres s\u00e5 nyskabende ekspressive debutalbum og ubestridte hovedv\u00e6rk Marquee Moon kun fem m\u00e5neder p\u00e5 bagen. Til sommer bliver der mulighed for at h\u00f8re Tom Verlaine og co. opf\u00f8re det vitalt langtidsholdbare, tidsdefinerende og musikalsk gr\u00e6nsespr\u00e6ngende guitaralbum i sin helhed, n\u00e5r Television den &hellip; <a href=\"http:\/\/www.jensunmack.dk\/wordpress-3\/television-opfoerer-marquee-moon-i-koebenhavn\/\" class=\"more-link\">L\u00e6s videre <span class=\"screen-reader-text\">Television opf\u00f8rer Marquee Moon i K\u00f8benhavn<\/span> <span class=\"meta-nav\">&rarr;<\/span><\/a><\/p>\n<div class=\"fcbkbttn_buttons_block\" id=\"fcbkbttn_middle\"><div class=\"fcbkbttn_like \"><fb:like href=\"http:\/\/www.jensunmack.dk\/wordpress-3\/television-opfoerer-marquee-moon-i-koebenhavn\/\" action=\"like\" colorscheme=\"dark\" layout=\"standard\"  width=\"225px\" size=\"small\"><\/fb:like><\/div><div class=\"fb-share-button  \" data-href=\"http:\/\/www.jensunmack.dk\/wordpress-3\/television-opfoerer-marquee-moon-i-koebenhavn\/\" data-type=\"button_count\" data-size=\"small\"><\/div><\/div>","protected":false},"author":283,"featured_media":0,"comment_status":"open","ping_status":"open","sticky":false,"template":"","format":"standard","meta":{"footnotes":""},"categories":[5,20,22],"tags":[],"class_list":["post-39524","post","type-post","status-publish","format-standard","hentry","category-blog","category-rocknroll","category-turneliv"],"_links":{"self":[{"href":"http:\/\/www.jensunmack.dk\/wordpress-3\/wp-json\/wp\/v2\/posts\/39524","targetHints":{"allow":["GET"]}}],"collection":[{"href":"http:\/\/www.jensunmack.dk\/wordpress-3\/wp-json\/wp\/v2\/posts"}],"about":[{"href":"http:\/\/www.jensunmack.dk\/wordpress-3\/wp-json\/wp\/v2\/types\/post"}],"author":[{"embeddable":true,"href":"http:\/\/www.jensunmack.dk\/wordpress-3\/wp-json\/wp\/v2\/users\/283"}],"replies":[{"embeddable":true,"href":"http:\/\/www.jensunmack.dk\/wordpress-3\/wp-json\/wp\/v2\/comments?post=39524"}],"version-history":[{"count":0,"href":"http:\/\/www.jensunmack.dk\/wordpress-3\/wp-json\/wp\/v2\/posts\/39524\/revisions"}],"wp:attachment":[{"href":"http:\/\/www.jensunmack.dk\/wordpress-3\/wp-json\/wp\/v2\/media?parent=39524"}],"wp:term":[{"taxonomy":"category","embeddable":true,"href":"http:\/\/www.jensunmack.dk\/wordpress-3\/wp-json\/wp\/v2\/categories?post=39524"},{"taxonomy":"post_tag","embeddable":true,"href":"http:\/\/www.jensunmack.dk\/wordpress-3\/wp-json\/wp\/v2\/tags?post=39524"}],"curies":[{"name":"wp","href":"https:\/\/api.w.org\/{rel}","templated":true}]}}