{"id":40332,"date":"2014-06-06T19:26:57","date_gmt":"2014-06-06T17:26:57","guid":{"rendered":"http:\/\/www.jensunmack.dk\/wordpress-3\/?p=40332"},"modified":"2014-06-06T20:26:16","modified_gmt":"2014-06-06T18:26:16","slug":"istedet-for-lana-del-rey","status":"publish","type":"post","link":"http:\/\/www.jensunmack.dk\/wordpress-3\/istedet-for-lana-del-rey\/","title":{"rendered":"Istedet for Lana Del Rey&#8230;"},"content":{"rendered":"<p>\u2026der meldte afbud i sidste \u00f8jeblik til sin optr\u00e6den p\u00e5 <em>The Late Show With David Letterman<\/em>, kom Elvis Costello forbi. Og med sig havde han &#8216;The Last Year Of My Youth&#8217;, en helt ny sang (og tilmed en god en af slagsen), som if\u00f8lge Costello selv var skrevet dagen f\u00f8r. Men s\u00e5dan spiller klaveret vist ikke. For sangen er alt for kompleks og dygtigt struktureret til, den bare er rystet ud af \u00e6rmet s\u00e5dan lige. H\u00f8r selv her&#8230;<\/p>\n<p><object width=\"560\" height=\"315\"><param name=\"movie\" value=\"http:\/\/can.cbs.com\/thunder\/player\/chrome\/canplayer.swf?pid=6kDvhAHlmq6P&#038;partner=cbs&#038;gen=1\"><\/param><param name=\"allowFullScreen\" value=\"true\"><\/param><param name=\"allowScriptAccess\" value=\"always\"><\/param><embed width=\"480\" height=\"270\" src=\"http:\/\/can.cbs.com\/thunder\/player\/chrome\/canplayer.swf?pid=6kDvhAHlmq6P&#038;partner=cbs&#038;gen=1\" allowFullScreen=\"true\" allowScriptAccess=\"always\" type=\"application\/x-shockwave-flash\"><\/embed><\/object><\/p>\n<div class=\"fcbkbttn_buttons_block\" id=\"fcbkbttn_middle\"><div class=\"fcbkbttn_like \"><fb:like href=\"http:\/\/www.jensunmack.dk\/wordpress-3\/istedet-for-lana-del-rey\/\" action=\"like\" colorscheme=\"dark\" layout=\"standard\"  width=\"225px\" size=\"small\"><\/fb:like><\/div><div class=\"fb-share-button  \" data-href=\"http:\/\/www.jensunmack.dk\/wordpress-3\/istedet-for-lana-del-rey\/\" data-type=\"button_count\" data-size=\"small\"><\/div><\/div>","protected":false},"excerpt":{"rendered":"<p>\u2026der meldte afbud i sidste \u00f8jeblik til sin optr\u00e6den p\u00e5 The Late Show With David Letterman, kom Elvis Costello forbi. Og med sig havde han &#8216;The Last Year Of My Youth&#8217;, en helt ny sang (og tilmed en god en af slagsen), som if\u00f8lge Costello selv var skrevet dagen f\u00f8r. Men s\u00e5dan spiller klaveret vist &hellip; <a href=\"http:\/\/www.jensunmack.dk\/wordpress-3\/istedet-for-lana-del-rey\/\" class=\"more-link\">L\u00e6s videre <span class=\"screen-reader-text\">Istedet for Lana Del Rey&#8230;<\/span> <span class=\"meta-nav\">&rarr;<\/span><\/a><\/p>\n<div class=\"fcbkbttn_buttons_block\" id=\"fcbkbttn_middle\"><div class=\"fcbkbttn_like \"><fb:like href=\"http:\/\/www.jensunmack.dk\/wordpress-3\/istedet-for-lana-del-rey\/\" action=\"like\" colorscheme=\"dark\" layout=\"standard\"  width=\"225px\" size=\"small\"><\/fb:like><\/div><div class=\"fb-share-button  \" data-href=\"http:\/\/www.jensunmack.dk\/wordpress-3\/istedet-for-lana-del-rey\/\" data-type=\"button_count\" data-size=\"small\"><\/div><\/div>","protected":false},"author":283,"featured_media":0,"comment_status":"open","ping_status":"open","sticky":false,"template":"","format":"standard","meta":{"footnotes":""},"categories":[5,20],"tags":[],"class_list":["post-40332","post","type-post","status-publish","format-standard","hentry","category-blog","category-rocknroll"],"_links":{"self":[{"href":"http:\/\/www.jensunmack.dk\/wordpress-3\/wp-json\/wp\/v2\/posts\/40332","targetHints":{"allow":["GET"]}}],"collection":[{"href":"http:\/\/www.jensunmack.dk\/wordpress-3\/wp-json\/wp\/v2\/posts"}],"about":[{"href":"http:\/\/www.jensunmack.dk\/wordpress-3\/wp-json\/wp\/v2\/types\/post"}],"author":[{"embeddable":true,"href":"http:\/\/www.jensunmack.dk\/wordpress-3\/wp-json\/wp\/v2\/users\/283"}],"replies":[{"embeddable":true,"href":"http:\/\/www.jensunmack.dk\/wordpress-3\/wp-json\/wp\/v2\/comments?post=40332"}],"version-history":[{"count":0,"href":"http:\/\/www.jensunmack.dk\/wordpress-3\/wp-json\/wp\/v2\/posts\/40332\/revisions"}],"wp:attachment":[{"href":"http:\/\/www.jensunmack.dk\/wordpress-3\/wp-json\/wp\/v2\/media?parent=40332"}],"wp:term":[{"taxonomy":"category","embeddable":true,"href":"http:\/\/www.jensunmack.dk\/wordpress-3\/wp-json\/wp\/v2\/categories?post=40332"},{"taxonomy":"post_tag","embeddable":true,"href":"http:\/\/www.jensunmack.dk\/wordpress-3\/wp-json\/wp\/v2\/tags?post=40332"}],"curies":[{"name":"wp","href":"https:\/\/api.w.org\/{rel}","templated":true}]}}