{"id":49183,"date":"2016-08-18T11:51:00","date_gmt":"2016-08-18T09:51:00","guid":{"rendered":"http:\/\/www.jensunmack.dk\/wordpress-3\/?p=49183"},"modified":"2016-08-18T11:58:12","modified_gmt":"2016-08-18T09:58:12","slug":"veronic-maggio-i-allsaang-paa-skansen","status":"publish","type":"post","link":"http:\/\/www.jensunmack.dk\/wordpress-3\/veronic-maggio-i-allsaang-paa-skansen\/","title":{"rendered":"Veronica Maggio i Alls\u00e5ng p\u00e5 Skansen"},"content":{"rendered":"<p><iframe width=\"560\" height=\"315\" src=\"https:\/\/www.youtube.com\/embed\/7kj0GLFpW-s?rel=0&amp;controls=0&amp;showinfo=0\" frameborder=\"0\" allowfullscreen><\/iframe> <\/p>\n<p>Forleden &#8211; som optakt til sidste weekends store koncert p\u00e5 Stockholm Stadion &#8211; optr\u00e5dte Veronica Maggio i det folkelige svenske TV-traditionsprogram Alls\u00e5ng P\u00e5 Skansen. Blandt de tre sange hun fremf\u00f8rte var forraket og titelsang fra seneste album <em>Den F\u00f6rste \u00c4r Alltid Gratis<\/em>. Om sm\u00e5 to uger spiller Veronica Maggio i Store Vega, hvor der, i mods\u00e6tning til n\u00e5r hun spiller i Sverige, endnu er billetter at f\u00e5. Siden her har aldrig oplevet hende p\u00e5 en scene, men if\u00f8lge normalt p\u00e5lidelig kilder skulle det v\u00e6re pengene v\u00e6rd og faktisk meget mere end det.  <\/p>\n<p>Nu vi er omkring Sveriges st\u00f8rste popsangerinde pt, s\u00e5 lad os ogs\u00e5 lige tage et hurtigt kig indenfor ved l\u00f8rdag aftens alsang p\u00e5 Stockholm Stadion, hvor hun samlede +20.000, og her ekstranummer-optr\u00e6der i duet med Sveriges ubetingede stadionkonge, G\u00f6teborg&#8217;s H\u00e5kan Hellstr\u00f6m&#8230;<\/p>\n<p><iframe width=\"560\" height=\"315\" src=\"https:\/\/www.youtube.com\/embed\/WkkrJwAAeyQ?rel=0&amp;controls=0&amp;showinfo=0\" frameborder=\"0\" allowfullscreen><\/iframe><\/p>\n<div class=\"fcbkbttn_buttons_block\" id=\"fcbkbttn_middle\"><div class=\"fcbkbttn_like \"><fb:like href=\"http:\/\/www.jensunmack.dk\/wordpress-3\/veronic-maggio-i-allsaang-paa-skansen\/\" action=\"like\" colorscheme=\"dark\" layout=\"standard\"  width=\"225px\" size=\"small\"><\/fb:like><\/div><div class=\"fb-share-button  \" data-href=\"http:\/\/www.jensunmack.dk\/wordpress-3\/veronic-maggio-i-allsaang-paa-skansen\/\" data-type=\"button_count\" data-size=\"small\"><\/div><\/div>","protected":false},"excerpt":{"rendered":"<p>Forleden &#8211; som optakt til sidste weekends store koncert p\u00e5 Stockholm Stadion &#8211; optr\u00e5dte Veronica Maggio i det folkelige svenske TV-traditionsprogram Alls\u00e5ng P\u00e5 Skansen. Blandt de tre sange hun fremf\u00f8rte var forraket og titelsang fra seneste album Den F\u00f6rste \u00c4r Alltid Gratis. Om sm\u00e5 to uger spiller Veronica Maggio i Store Vega, hvor der, i &hellip; <a href=\"http:\/\/www.jensunmack.dk\/wordpress-3\/veronic-maggio-i-allsaang-paa-skansen\/\" class=\"more-link\">L\u00e6s videre <span class=\"screen-reader-text\">Veronica Maggio i Alls\u00e5ng p\u00e5 Skansen<\/span> <span class=\"meta-nav\">&rarr;<\/span><\/a><\/p>\n<div class=\"fcbkbttn_buttons_block\" id=\"fcbkbttn_middle\"><div class=\"fcbkbttn_like \"><fb:like href=\"http:\/\/www.jensunmack.dk\/wordpress-3\/veronic-maggio-i-allsaang-paa-skansen\/\" action=\"like\" colorscheme=\"dark\" layout=\"standard\"  width=\"225px\" size=\"small\"><\/fb:like><\/div><div class=\"fb-share-button  \" data-href=\"http:\/\/www.jensunmack.dk\/wordpress-3\/veronic-maggio-i-allsaang-paa-skansen\/\" data-type=\"button_count\" data-size=\"small\"><\/div><\/div>","protected":false},"author":283,"featured_media":0,"comment_status":"open","ping_status":"open","sticky":false,"template":"","format":"standard","meta":{"footnotes":""},"categories":[5,20,22],"tags":[],"class_list":["post-49183","post","type-post","status-publish","format-standard","hentry","category-blog","category-rocknroll","category-turneliv"],"_links":{"self":[{"href":"http:\/\/www.jensunmack.dk\/wordpress-3\/wp-json\/wp\/v2\/posts\/49183","targetHints":{"allow":["GET"]}}],"collection":[{"href":"http:\/\/www.jensunmack.dk\/wordpress-3\/wp-json\/wp\/v2\/posts"}],"about":[{"href":"http:\/\/www.jensunmack.dk\/wordpress-3\/wp-json\/wp\/v2\/types\/post"}],"author":[{"embeddable":true,"href":"http:\/\/www.jensunmack.dk\/wordpress-3\/wp-json\/wp\/v2\/users\/283"}],"replies":[{"embeddable":true,"href":"http:\/\/www.jensunmack.dk\/wordpress-3\/wp-json\/wp\/v2\/comments?post=49183"}],"version-history":[{"count":0,"href":"http:\/\/www.jensunmack.dk\/wordpress-3\/wp-json\/wp\/v2\/posts\/49183\/revisions"}],"wp:attachment":[{"href":"http:\/\/www.jensunmack.dk\/wordpress-3\/wp-json\/wp\/v2\/media?parent=49183"}],"wp:term":[{"taxonomy":"category","embeddable":true,"href":"http:\/\/www.jensunmack.dk\/wordpress-3\/wp-json\/wp\/v2\/categories?post=49183"},{"taxonomy":"post_tag","embeddable":true,"href":"http:\/\/www.jensunmack.dk\/wordpress-3\/wp-json\/wp\/v2\/tags?post=49183"}],"curies":[{"name":"wp","href":"https:\/\/api.w.org\/{rel}","templated":true}]}}