{"id":49207,"date":"2016-08-19T10:37:46","date_gmt":"2016-08-19T08:37:46","guid":{"rendered":"http:\/\/www.jensunmack.dk\/wordpress-3\/?p=49207"},"modified":"2016-08-19T15:19:09","modified_gmt":"2016-08-19T13:19:09","slug":"haakan-hellstroms-nye-albumcover","status":"publish","type":"post","link":"http:\/\/www.jensunmack.dk\/wordpress-3\/haakan-hellstroms-nye-albumcover\/","title":{"rendered":"H\u00e5kan Hellstr\u00f6ms nye albumcover"},"content":{"rendered":"<p><iframe width=\"560\" height=\"315\" src=\"https:\/\/www.youtube.com\/embed\/CXnQExAi4Oo?rel=0&amp;controls=0&amp;showinfo=0\" frameborder=\"0\" allowfullscreen><\/iframe><\/p>\n<p>N\u00e6ste fredag udsender H\u00e5kan Hellstr\u00f6m sit nye album <em>Du Gamla, Du Fria<\/em>. Hemmeligheden om hvad pladen indeholder er til nu ret komplet, al den stund en tracklist mod s\u00e6dvane endnu ikke har set dagens lys. Det har til geng\u00e6ld albummets cover, som i dag er blevet offentliggjort. Og med en fabulerende tegning af den svenske illustrator, forfatter og jazzmusiker Jan L\u00f6\u00f6f synes det pludselig, som om vi er tilbage i 1973 og modernismen er en ulykke endnu aldrig h\u00e6ndt. H\u00e5kan er i en position hvor han kan g\u00f8re lige hvad han vil, og det g\u00f8r han s\u00e5 sandelig fuldt ud ogs\u00e5 her. Sp\u00e6ndende nu om albummets musikalske indhold form\u00e5r at v\u00e6re\u00a0liges\u00e5 stilistisk gammeldags st\u00f8vet. Det ville v\u00e6re synd. H\u00e5kan er bedst n\u00e5r han blander det gamle og det frie med det nye og det lidt skramlede.<\/p>\n<p><a href=\"http:\/\/www.jensunmack.dk\/wordpress-3\/haakan-hellstroms-nye-albumcover\/13934709_10154399354444054_2573714445753312770_n\/\" rel=\"attachment wp-att-49208\"><img decoding=\"async\" class=\"alignn-full wp-image-49208\" src=\"http:\/\/www.jensunmack.dk\/wordpress-3\/wp-content\/uploads\/2016\/08\/13934709_10154399354444054_2573714445753312770_n.jpg\" alt=\"13934709_10154399354444054_2573714445753312770_n\" width=\"400\" height=\"480\" \/><\/a><\/p>\n<div class=\"fcbkbttn_buttons_block\" id=\"fcbkbttn_middle\"><div class=\"fcbkbttn_like \"><fb:like href=\"http:\/\/www.jensunmack.dk\/wordpress-3\/haakan-hellstroms-nye-albumcover\/\" action=\"like\" colorscheme=\"dark\" layout=\"standard\"  width=\"225px\" size=\"small\"><\/fb:like><\/div><div class=\"fb-share-button  \" data-href=\"http:\/\/www.jensunmack.dk\/wordpress-3\/haakan-hellstroms-nye-albumcover\/\" data-type=\"button_count\" data-size=\"small\"><\/div><\/div>","protected":false},"excerpt":{"rendered":"<p>N\u00e6ste fredag udsender H\u00e5kan Hellstr\u00f6m sit nye album Du Gamla, Du Fria. Hemmeligheden om hvad pladen indeholder er til nu ret komplet, al den stund en tracklist mod s\u00e6dvane endnu ikke har set dagens lys. Det har til geng\u00e6ld albummets cover, som i dag er blevet offentliggjort. Og med en fabulerende tegning af den svenske &hellip; <a href=\"http:\/\/www.jensunmack.dk\/wordpress-3\/haakan-hellstroms-nye-albumcover\/\" class=\"more-link\">L\u00e6s videre <span class=\"screen-reader-text\">H\u00e5kan Hellstr\u00f6ms nye albumcover<\/span> <span class=\"meta-nav\">&rarr;<\/span><\/a><\/p>\n<div class=\"fcbkbttn_buttons_block\" id=\"fcbkbttn_middle\"><div class=\"fcbkbttn_like \"><fb:like href=\"http:\/\/www.jensunmack.dk\/wordpress-3\/haakan-hellstroms-nye-albumcover\/\" action=\"like\" colorscheme=\"dark\" layout=\"standard\"  width=\"225px\" size=\"small\"><\/fb:like><\/div><div class=\"fb-share-button  \" data-href=\"http:\/\/www.jensunmack.dk\/wordpress-3\/haakan-hellstroms-nye-albumcover\/\" data-type=\"button_count\" data-size=\"small\"><\/div><\/div>","protected":false},"author":283,"featured_media":0,"comment_status":"open","ping_status":"open","sticky":false,"template":"","format":"standard","meta":{"footnotes":""},"categories":[5,20],"tags":[],"class_list":["post-49207","post","type-post","status-publish","format-standard","hentry","category-blog","category-rocknroll"],"_links":{"self":[{"href":"http:\/\/www.jensunmack.dk\/wordpress-3\/wp-json\/wp\/v2\/posts\/49207","targetHints":{"allow":["GET"]}}],"collection":[{"href":"http:\/\/www.jensunmack.dk\/wordpress-3\/wp-json\/wp\/v2\/posts"}],"about":[{"href":"http:\/\/www.jensunmack.dk\/wordpress-3\/wp-json\/wp\/v2\/types\/post"}],"author":[{"embeddable":true,"href":"http:\/\/www.jensunmack.dk\/wordpress-3\/wp-json\/wp\/v2\/users\/283"}],"replies":[{"embeddable":true,"href":"http:\/\/www.jensunmack.dk\/wordpress-3\/wp-json\/wp\/v2\/comments?post=49207"}],"version-history":[{"count":0,"href":"http:\/\/www.jensunmack.dk\/wordpress-3\/wp-json\/wp\/v2\/posts\/49207\/revisions"}],"wp:attachment":[{"href":"http:\/\/www.jensunmack.dk\/wordpress-3\/wp-json\/wp\/v2\/media?parent=49207"}],"wp:term":[{"taxonomy":"category","embeddable":true,"href":"http:\/\/www.jensunmack.dk\/wordpress-3\/wp-json\/wp\/v2\/categories?post=49207"},{"taxonomy":"post_tag","embeddable":true,"href":"http:\/\/www.jensunmack.dk\/wordpress-3\/wp-json\/wp\/v2\/tags?post=49207"}],"curies":[{"name":"wp","href":"https:\/\/api.w.org\/{rel}","templated":true}]}}