{"id":5161,"date":"2009-02-09T16:53:11","date_gmt":"2009-02-09T14:53:11","guid":{"rendered":"http:\/\/www.jensunmack.dk\/wordpress-3\/?p=5161"},"modified":"2009-02-09T16:53:11","modified_gmt":"2009-02-09T14:53:11","slug":"the-walkmen-i-kcrw-session","status":"publish","type":"post","link":"http:\/\/www.jensunmack.dk\/wordpress-3\/the-walkmen-i-kcrw-session\/","title":{"rendered":"The Walkmen i KCRW-session"},"content":{"rendered":"<p><img decoding=\"async\" class=\"alignnone size-medium wp-image-5162\" title=\"ucsb016\" src=\"http:\/\/www.jensunmack.dk\/wordpress-3\/wp-content\/uploads\/2009\/02\/ucsb016-400x157.jpg\" alt=\"ucsb016\" width=\"400\" height=\"157\" \/><\/p>\n<p>Er det ikke for lang tid siden vi har haft noget her om The Walkmen? Det er der r\u00e5d for. Dagen f\u00f8r Obama blev konge af Washington, indspillede The Walkmen livesession (+ forudg\u00e5ende interview) for Morning Becomes Eclectic p\u00e5 radiostationen KCRW i Santa Monica, Californien &#8211; se og h\u00f8r med p\u00e5 <a href=\"http:\/\/www.kcrw.com\/media-player\/mediaPlayer2.html?type=video&amp;id=mb090119the_walkmen\" target=\"_blank\">dette link<\/a>. Fra nu p\u00e5 torsdag og en uge frem gives i\u00f8vrigt i Frankrig og England en mini-tour, der endnu engang styrer The Walkmen langt uden om Skandinavien &#8211; life isn&#8217;t fair. Her setlisten fra KCRW:<\/p>\n<p><em>On the Water<br \/>\nCanadian Girl<br \/>\nIn the New Year<br \/>\nRed Moon<br \/>\nDonde Esta La Playa<br \/>\nI Lost You<br \/>\nLouisiana <\/em><\/p>\n<div class=\"fcbkbttn_buttons_block\" id=\"fcbkbttn_middle\"><div class=\"fcbkbttn_like \"><fb:like href=\"http:\/\/www.jensunmack.dk\/wordpress-3\/the-walkmen-i-kcrw-session\/\" action=\"like\" colorscheme=\"dark\" layout=\"standard\"  width=\"225px\" size=\"small\"><\/fb:like><\/div><div class=\"fb-share-button  \" data-href=\"http:\/\/www.jensunmack.dk\/wordpress-3\/the-walkmen-i-kcrw-session\/\" data-type=\"button_count\" data-size=\"small\"><\/div><\/div>","protected":false},"excerpt":{"rendered":"<p>Er det ikke for lang tid siden vi har haft noget her om The Walkmen? Det er der r\u00e5d for. Dagen f\u00f8r Obama blev konge af Washington, indspillede The Walkmen livesession (+ forudg\u00e5ende interview) for Morning Becomes Eclectic p\u00e5 radiostationen KCRW i Santa Monica, Californien &#8211; se og h\u00f8r med p\u00e5 dette link. Fra nu &hellip; <a href=\"http:\/\/www.jensunmack.dk\/wordpress-3\/the-walkmen-i-kcrw-session\/\" class=\"more-link\">L\u00e6s videre <span class=\"screen-reader-text\">The Walkmen i KCRW-session<\/span> <span class=\"meta-nav\">&rarr;<\/span><\/a><\/p>\n<div class=\"fcbkbttn_buttons_block\" id=\"fcbkbttn_middle\"><div class=\"fcbkbttn_like \"><fb:like href=\"http:\/\/www.jensunmack.dk\/wordpress-3\/the-walkmen-i-kcrw-session\/\" action=\"like\" colorscheme=\"dark\" layout=\"standard\"  width=\"225px\" size=\"small\"><\/fb:like><\/div><div class=\"fb-share-button  \" data-href=\"http:\/\/www.jensunmack.dk\/wordpress-3\/the-walkmen-i-kcrw-session\/\" data-type=\"button_count\" data-size=\"small\"><\/div><\/div>","protected":false},"author":283,"featured_media":0,"comment_status":"open","ping_status":"closed","sticky":false,"template":"","format":"standard","meta":{"footnotes":""},"categories":[5,20],"tags":[],"class_list":["post-5161","post","type-post","status-publish","format-standard","hentry","category-blog","category-rocknroll"],"_links":{"self":[{"href":"http:\/\/www.jensunmack.dk\/wordpress-3\/wp-json\/wp\/v2\/posts\/5161","targetHints":{"allow":["GET"]}}],"collection":[{"href":"http:\/\/www.jensunmack.dk\/wordpress-3\/wp-json\/wp\/v2\/posts"}],"about":[{"href":"http:\/\/www.jensunmack.dk\/wordpress-3\/wp-json\/wp\/v2\/types\/post"}],"author":[{"embeddable":true,"href":"http:\/\/www.jensunmack.dk\/wordpress-3\/wp-json\/wp\/v2\/users\/283"}],"replies":[{"embeddable":true,"href":"http:\/\/www.jensunmack.dk\/wordpress-3\/wp-json\/wp\/v2\/comments?post=5161"}],"version-history":[{"count":0,"href":"http:\/\/www.jensunmack.dk\/wordpress-3\/wp-json\/wp\/v2\/posts\/5161\/revisions"}],"wp:attachment":[{"href":"http:\/\/www.jensunmack.dk\/wordpress-3\/wp-json\/wp\/v2\/media?parent=5161"}],"wp:term":[{"taxonomy":"category","embeddable":true,"href":"http:\/\/www.jensunmack.dk\/wordpress-3\/wp-json\/wp\/v2\/categories?post=5161"},{"taxonomy":"post_tag","embeddable":true,"href":"http:\/\/www.jensunmack.dk\/wordpress-3\/wp-json\/wp\/v2\/tags?post=5161"}],"curies":[{"name":"wp","href":"https:\/\/api.w.org\/{rel}","templated":true}]}}